[{"@context":"https:\/\/schema.org\/","@type":"Article","@id":"https:\/\/www.vemi.sk\/nevesta-sa-musi-citit-vynimocne\/#Article","mainEntityOfPage":"https:\/\/www.vemi.sk\/nevesta-sa-musi-citit-vynimocne\/","headline":"Nevesta sa mus\u00ed c\u00edti\u0165 v\u00fdnimo\u010dne","name":"Nevesta sa mus\u00ed c\u00edti\u0165 v\u00fdnimo\u010dne","description":"Ak nie je svadba t\u00fdm najd\u00f4le\u017eitej\u0161\u00edm d\u0148om v \u017eivote \u017eeny, tak to u\u017e potom asi nie je ni\u010d. Pr\u00e1ve svadba [&hellip;]","datePublished":"2018-02-11","dateModified":"2023-04-28","author":{"@type":"Person","@id":"https:\/\/www.vemi.sk\/author\/#Person","name":"","url":"https:\/\/www.vemi.sk\/author\/","identifier":1,"image":{"@type":"ImageObject","@id":"https:\/\/secure.gravatar.com\/avatar\/4bf629230dc34158290ba5b10491f45b3bfbba94b88af3386c3da2fed730f430?s=96&d=mm&r=g","url":"https:\/\/secure.gravatar.com\/avatar\/4bf629230dc34158290ba5b10491f45b3bfbba94b88af3386c3da2fed730f430?s=96&d=mm&r=g","height":96,"width":96}},"publisher":{"@type":"Organization","name":"vemi.sk","logo":{"@type":"ImageObject","@id":"\/logo.png","url":"\/logo.png","width":600,"height":60}},"image":{"@type":"ImageObject","@id":"https:\/\/www.vemi.sk\/wp-content\/uploads\/img_a285779_w2028_t1521018870.jpg","url":"https:\/\/www.vemi.sk\/wp-content\/uploads\/img_a285779_w2028_t1521018870.jpg","height":0,"width":0},"url":"https:\/\/www.vemi.sk\/nevesta-sa-musi-citit-vynimocne\/","wordCount":396,"articleBody":"  Ak nie je svadba t\u00fdm najd\u00f4le\u017eitej\u0161\u00edm d\u0148om v \u017eivote \u017eeny, tak to u\u017e potom asi nie je ni\u010d. Pr\u00e1ve svadba je de\u0148, kedy by sme sa mali na mal\u00fa chv\u00ed\u013eu pozastavi\u0165 nad t\u00fdm, \u010do sa okolo n\u00e1s vlastne deje a ako to na n\u00e1s v\u0161etko vpl\u00fdva. Svadobn\u00fd de\u0148 je de\u0148, kedy sa chce ka\u017ed\u00e1 \u017eena c\u00edti\u0165 v\u00fdnimo\u010dn\u00e1 vo v\u0161etk\u00fdch smeroch. V\u00fdnimo\u010dne kr\u00e1sna, v\u00fdnimo\u010dne \u0161\u0165astn\u00e1, proste v\u0161etko nav\u00f4kol mus\u00ed by\u0165 perfektn\u00e9. Ale hlavne a v prvom rade mus\u00ed by\u0165 perfektn\u00e1 ona sama. Ke\u010f toto nefunguje, m\u00f4\u017eete si by\u0165 ist\u00e1 t\u00fdm, \u017ee sa budete c\u00edti\u0165 cel\u00fd \u010das nesvoja a ni\u010d nep\u00f4jde tak, ako ste si to napl\u00e1novali.  Asi preto je jasn\u00e9, \u017ee urobia v\u0161etko pre to, aby na svojej svadbe vyzerali perfektne Dokonca s\u00fa ochotn\u00e9 si kv\u00f4li tomu necha\u0165 urobi\u0165 nechty a nasadi\u0165 na o\u010di umel\u00e9 riasy. Proste v\u0161etko preto, aby vyzerali lep\u0161ie, ne\u017e len dobre. \u013dudia \u010dasto hovoria nevest\u00e1m, \u017ee im prep\u00edna. \u017de s\u00fa ako zmyslov zbaven\u00e9 a \u017ee nevedia, \u010do robia. Ale je to norm\u00e1lne. V dobe plnej mo\u017enost\u00ed, kedy bude ka\u017ed\u00fd nevestinu svadbu porovn\u00e1va\u0165 s nejakou druhou je jasn\u00e9, \u017ee chce urobi\u0165 v\u0161etko preto, aby to proste fungovalo. Zariadi hudbu, aby sa v\u0161etci bavili. Fotografa, ktor\u00fd v\u0161etk\u00fdm urob\u00ed n\u00e1dhern\u00e9 fotky. Na svadbe predsa musia by\u0165 \u013eudia, ktor\u00ed sa bavia a musia si z toho odnies\u0165 len to najlep\u0161ie.  Asi to je vec, na ktorej mlad\u00e9mu \u017een\u00edchovi a mladej neveste najviac z\u00e1le\u017e\u00ed. Aby sa ich hostia c\u00edtili v\u00fdborne a aby s l\u00e1skou spom\u00ednali na ich svadbu. Nevesta, samozrejme, sn\u00edva o tom, aby o nej v\u0161etci hovorili, ak\u00e1 bola kr\u00e1sna a \u017ee u\u017e d\u00e1vno nevideli tak\u00fa kr\u00e1snu nevestu. Takto to jednoducho funguje a nech sa deje, \u010do sa deje, proste je to tak. Nesna\u017ete sa preto neveste zabr\u00e1ni\u0165 v tom, aby si urobila v\u0161etko po svojom. Povedzme si \u00faprimne, asi by to aj tak nemalo nejak\u00fd v\u00e4\u010d\u0161\u00ed v\u00fdznam, no nie? Preto ju nechajte, nech si vytvor\u00ed svadbu pod\u013ea svojich snov. Je to pre \u0148u predsa naozaj ve\u013emi d\u00f4le\u017eit\u00e9.                                                                                                                                                                                                                                                                                                                                                                                          4.1\/5 - (14 votes)        "},{"@context":"https:\/\/schema.org\/","@type":"BreadcrumbList","itemListElement":[{"@type":"ListItem","position":1,"name":"Nevesta sa mus\u00ed c\u00edti\u0165 v\u00fdnimo\u010dne","item":"https:\/\/www.vemi.sk\/nevesta-sa-musi-citit-vynimocne\/#breadcrumbitem"}]}]