[{"@context":"https:\/\/schema.org\/","@type":"Article","@id":"https:\/\/www.vemi.sk\/ako-byt-krasna-s-holandskym-vrkocom-v-styroch-krokoch\/#Article","mainEntityOfPage":"https:\/\/www.vemi.sk\/ako-byt-krasna-s-holandskym-vrkocom-v-styroch-krokoch\/","headline":"Ako by\u0165 kr\u00e1sna s holandsk\u00fdm vrko\u010dom v \u0161tyroch krokoch","name":"Ako by\u0165 kr\u00e1sna s holandsk\u00fdm vrko\u010dom v \u0161tyroch krokoch","description":"Ka\u017ed\u00e1 \u017eena chce by\u0165 kr\u00e1sna, o\u00a0tom niet poch\u00fdb. Medzi top \u00fa\u010desy sez\u00f3ny jednozna\u010dne patria holandsk\u00e9 vrko\u010de. Na \u201etrhu\u201c nie s\u00fa [&hellip;]","datePublished":"2017-02-27","dateModified":"2023-04-28","author":{"@type":"Person","@id":"https:\/\/www.vemi.sk\/author\/#Person","name":"","url":"https:\/\/www.vemi.sk\/author\/","identifier":1,"image":{"@type":"ImageObject","@id":"https:\/\/secure.gravatar.com\/avatar\/4bf629230dc34158290ba5b10491f45b3bfbba94b88af3386c3da2fed730f430?s=96&d=mm&r=g","url":"https:\/\/secure.gravatar.com\/avatar\/4bf629230dc34158290ba5b10491f45b3bfbba94b88af3386c3da2fed730f430?s=96&d=mm&r=g","height":96,"width":96}},"publisher":{"@type":"Organization","name":"vemi.sk","logo":{"@type":"ImageObject","@id":"\/logo.png","url":"\/logo.png","width":600,"height":60}},"image":{"@type":"ImageObject","@id":"https:\/\/www.vemi.sk\/wp-content\/uploads\/img_a280303_w2007_t1493314047.jpg","url":"https:\/\/www.vemi.sk\/wp-content\/uploads\/img_a280303_w2007_t1493314047.jpg","height":0,"width":0},"url":"https:\/\/www.vemi.sk\/ako-byt-krasna-s-holandskym-vrkocom-v-styroch-krokoch\/","wordCount":399,"articleBody":"Ka\u017ed\u00e1 \u017eena chce by\u0165 kr\u00e1sna, o\u00a0tom niet poch\u00fdb. Medzi top \u00fa\u010desy sez\u00f3ny jednozna\u010dne patria holandsk\u00e9 vrko\u010de. Na \u201etrhu\u201c nie s\u00fa s\u00edce novinkou ,\u00a0 no st\u00e1le sa n\u00e1jdu diev\u010dat\u00e1, ktor\u00e9 sa ich chc\u00fa nau\u010di\u0165.Tieto vrko\u010de s\u00fa snami u\u017e ve\u013emi dlho a\u00a0s\u00fa typick\u00e9 pre \u017eeny venuj\u00face sa boxu. V\u00a0nies\u0165 tieto \u00fa\u010desy do sveta dne\u0161nej m\u00f3dy priniesla Kim Kardashian. Mnoh\u00e9 \u017eeny sa sna\u017eia napodobni\u0165 jej v\u00fdzor a\u00a0to nielen kv\u00f4li jej kypr\u00fdm krivk\u00e1m, ale aj \u00fa\u010desom, ktor\u00e9 strieda. Holandsk\u00fdmi vrko\u010dmi in\u0161pirovala nielen\u017ee mnoho celebr\u00edt, napr\u00edklad Rihannu \u010di Rita Oru, ale aj r\u00f4zne m\u00f3dne bloggerky.Nasledujte tieto body a\u00a0vytvorte si \u00fa\u010des:1. D\u00f4kladne si roz\u010de\u0161te vlasy a\u00a0rozde\u013ete si ich na dve polovice. Jednu si m\u00f4\u017eeme da\u0165 do gumi\u010dky aby n\u00e1m pri zapletan\u00ed druhej strany nezavadzali vlasy.2. Na vrchu hlavy si vlasy rozdel\u00edme do troch prame\u0148ov. Za\u010d\u00edname plies\u0165 ako klasick\u00fd vrko\u010d, len\u017ee pramene uklad\u00e1me zo spolu. 3.Pri ka\u017edom \u010fal\u0161om pleten\u00ed doklad\u00e1me nov\u00e9 pramienky a\u00a0pokra\u010dujeme pleten\u00edm zospodu.4. Ke\u010f je vrko\u010d hotov\u00fd, navle\u010dieme na\u0148 gumi\u010dku a\u00a0pokra\u010dujeme druhou stranou.Ak chcete aby boli va\u0161e vrko\u010de mohutn\u00e9, sta\u010d\u00ed zapleten\u00e9 \u010dasti trochu povy\u0165ahova\u0165. Ak si to vy\u0165ahovan\u00edm vlasov nechcete zni\u010di\u0165, sk\u00faste zapleta\u0165 viac od stredu hlavy. Ak si vlasy zaplet\u00e1te \u00faplne od vrchu hlavy, s\u00fa pevnej\u0161ie.Vo svojej podstate holandsk\u00fd vrko\u010d nie je ni\u010d in\u00e9 ako franc\u00fazsky, s\u00a0t\u00fdm rozdielom \u017ee je prevr\u00e1ten\u00fd. Spo\u010diatku v\u00e1s bud\u00fa ur\u010dite bolie\u0165 ruky a\u00a0na prv\u00fd pokus sa v\u00e1m mo\u017eno nepodar\u00ed. Ale ako v\u0161etko, aj pletenie vrko\u010dov si vy\u017eaduje ur\u010dit\u00fa d\u00e1vku trpezlivosti a\u00a0praxe.V\u00fdhodou tohto typu \u00fa\u010desu, \u017ee je mo\u017en\u00e9 nosi\u0165 ho v\u00a0podstate na ka\u017ed\u00fa pr\u00edle\u017eitos\u0165. Hod\u00ed sa k\u00a0elegantn\u00fdm \u0161at\u00e1m, ale aj k\u00a0\u0161portov\u00e9mu oble\u010deniu. Vekov\u00e1 kateg\u00f3ria je neobmedzen\u00e1. Hod\u00ed na skoro na ka\u017ed\u00fd druh tv\u00e1re. Nez\u00e1le\u017e\u00ed \u010di je ov\u00e1lna, alebo okr\u00fahla. Ak by ste sa ho rozhodli da\u0165 na nejak\u00fa d\u00f4le\u017eit\u00fa udalos\u0165, napr\u00edklad svadbu, je pekn\u00e9 si ho vyzdobi\u0165 r\u00f4znymi kvetmi.                                                                                                                                                                                                                                                                                                                                                                                        4.2\/5 - (16 votes)        "},{"@context":"https:\/\/schema.org\/","@type":"BreadcrumbList","itemListElement":[{"@type":"ListItem","position":1,"name":"Ako by\u0165 kr\u00e1sna s holandsk\u00fdm vrko\u010dom v \u0161tyroch krokoch","item":"https:\/\/www.vemi.sk\/ako-byt-krasna-s-holandskym-vrkocom-v-styroch-krokoch\/#breadcrumbitem"}]}]